{"id":10467,"date":"2009-12-16T13:35:00","date_gmt":"2009-12-16T13:35:00","guid":{"rendered":"http:\/\/lotustemp.se.orcafat.com\/?p=10467"},"modified":"2009-12-16T13:35:00","modified_gmt":"2009-12-16T13:35:00","slug":"julstamningtoppmotenm","status":"publish","type":"post","link":"https:\/\/lotuseducation.se\/en\/julstamningtoppmotenm\/","title":{"rendered":"Julst\u00e4mning, toppm\u00f6te &#038; NM"},"content":{"rendered":"<div class=\"separator\" style=\"clear: both; text-align: left;\"><strong>Musikhj\u00e4lpen i P3<\/strong><\/div>\n<div class=\"separator\" style=\"clear: both; text-align: center;\"><a href=\"\/en\/sites\/lotuseducation.se\/files\/blogger_importer\/s1600-h\/Musikhjalpen2009_5090ny.jpg\/\" imageanchor=\"1\" style=\"margin-left: 1em; margin-right: 1em;\"><img decoding=\"async\" border=\"0\" ps=\"true\" src=\"\/sites\/lotuseducation.se\/files\/blogger_importer\/s400\/Musikhjalpen2009_5090ny.jpg\" \/><\/a><\/div>\n<div class=\"separator\" style=\"clear: both; text-align: left;\">Nu var det dags igen! <a href=\"http:\/\/www.sr.se\/sida\/default.aspx?programid=3607\">Musikhj\u00e4lpen i P3<\/a> \u00e4r ig\u00e5ng, underbart. Ametist, Jason (Timbuktu) o Christer sitter i en glasbur i G\u00f6teborg, inl\u00e5sta utan mat men med en massa roliga artistbes\u00f6k o annat, \u00e4nda t.o.m. s\u00f6ndag. Det \u00e4r i samarbete med radiohj\u00e4lpen o svt2 som ska samla in pengar till att bek\u00e4mpa malaria.Njut av programmet, \u00f6nska en l\u00e5t o sk\u00e4nk en slant, det g\u00f6r jag! :o)<\/div>\n<div class=\"separator\" style=\"clear: both; text-align: left;\"><\/div>\n<div class=\"separator\" style=\"clear: both; text-align: left;\">Ig\u00e5r\u00a0\u00e5kte jag\u00a0till G\u00f6teborg f\u00f6r att g\u00e5 p\u00e5 en julkonsert o d\u00e5 passade vi f\u00f6rst\u00e5s ox\u00e5 p\u00e5 att g\u00e5 till glasburen o h\u00e4lsa p\u00e5. Till min besvikelse l\u00e5g b\u00e4sta Christer o sov n\u00e4r vi kom, men till slut v\u00e4cktes han o kom yrvaket upp n\u00e4r han fick h\u00f6ra att vi v\u00e4ntade p\u00e5 honom. Fick v\u00e4xla n\u00e5gra ord med honom live&#8230; jag s\u00e4ger bara det, stort. B\u00e4sta radior\u00f6sten ever. \u00d6dmjukare o b\u00e4ttre programledare f\u00e5r man nog leta efter. \u00c5 snart \u00e4r han tillbaka i programmet Christer efter sin pappaledighet. Kan tala om att kv\u00e4llen var full\u00e4ndad efter det toppm\u00f6tet :o)!<\/div>\n<p><a href=\"http:\/\/4.bp.blogspot.com\/_yZjS_Zhh80o\/SyiyDAoxGWI\/AAAAAAAABGs\/QL6AHYszJWA\/s1600-h\/Julfilm+2009+002.jpg\" imageanchor=\"1\" style=\"margin-left: 1em; margin-right: 1em;\"><img decoding=\"async\" border=\"0\" ps=\"true\" src=\"\/sites\/lotuseducation.se\/files\/blogger_importer\/s400\/Julfilm%2B2009%2B002.jpg\" \/><\/a><\/p>\n<div class=\"separator\" style=\"clear: both; text-align: center;\"><em>Jag snackar med en nyvaken Christer!! :o)<\/em><\/div>\n<div class=\"separator\" style=\"clear: both; text-align: center;\"><\/div>\n<div class=\"separator\" style=\"clear: both; text-align: center;\"><a href=\"\/en\/sites\/lotuseducation.se\/files\/blogger_importer\/s1600-h\/Julfilm%2B2009%2B001.jpg\/\" imageanchor=\"1\" style=\"margin-left: 1em; margin-right: 1em;\"><img decoding=\"async\" border=\"0\" ps=\"true\" src=\"\/sites\/lotuseducation.se\/files\/blogger_importer\/s400\/Julfilm%2B2009%2B001.jpg\" \/><\/a><\/div>\n<div class=\"separator\" style=\"clear: both; text-align: center;\"><em>Jag o Hanna utanf\u00f6r Musikhj\u00e4lpens glasbur.<\/em><\/div>\n<div class=\"separator\" style=\"clear: both; text-align: left;\"><\/div>\n<div class=\"separator\" style=\"clear: both; text-align: left;\"><span style=\"color: red;\"><strong>Julst\u00e4mning<\/strong><\/span><\/div>\n<div class=\"separator\" style=\"clear: both; text-align: left;\">Jag tog mig som sagt till storstaden ig\u00e5r,\u00a0traditionsenligt\u00a0i juletider, f\u00f6r att h\u00e4lsa p\u00e5 G\u00f6teborgsbrudarna o f\u00e5 lite julst\u00e4mning i sinnet. I \u00e5r hade vi bokat in en julkonsert, <a href=\"http:\/\/www.promusica.nu\/Concerts.asp\">\u00c4nglanatt, med k\u00f6ren Pro Musica i Wasakyrkan<\/a>.\u00a0Det blev en helkv\u00e4ll med h\u00e4rlig musik o m\u00e5nga skratt som vanligt. Bonn\u00b4en fr\u00e5n Sl\u00e4ttelynga p\u00e5 bes\u00f6k i G\u00f6tet. Ni f\u00f6rst\u00e5r ju sj\u00e4lva&#8230; Inte nog med julkonsert, det \u00e4r sn\u00f6 idag!<\/div>\n<div class=\"separator\" style=\"clear: both; text-align: left;\"><\/div>\n<p><a href=\"http:\/\/3.bp.blogspot.com\/_yZjS_Zhh80o\/Syi1dHeQuKI\/AAAAAAAABG0\/cbuJSuMAHDM\/s1600-h\/DSC_0041+copy.jpg\" imageanchor=\"1\" style=\"margin-left: 1em; margin-right: 1em;\"><img decoding=\"async\" border=\"0\" ps=\"true\" src=\"\/sites\/lotuseducation.se\/files\/blogger_importer\/s400\/DSC_0041%2Bcopy.jpg\" \/><\/a><\/p>\n<div class=\"separator\" style=\"clear: both; text-align: left;\"><em>Vinterland i Sl\u00e4ttelynga! Hela min flock o Ina, som jag l\u00e5nar f\u00f6r lite tr\u00e4ning :o)\u00a0<\/em><\/div>\n<div class=\"separator\" style=\"clear: both; text-align: left;\"><\/div>\n<div class=\"separator\" style=\"clear: both; text-align: left;\"><strong>Nordiska M\u00e4sterskapen 2009&#8230;<\/strong><\/div>\n<div class=\"separator\" style=\"clear: both; text-align: left;\">&#8230;gick av stapeln i Stockholm i helgen. Min egen insats inbringade inte n\u00e5gra direkta resultat. F\u00f6ruton en bronsmedalj med laget d\u00e5. Men allt \u00e4r ju relativt, en bronsmedalj av totalt fyra lag&#8230; jag vet inte om man ska va s\u00e5 n\u00f6jd med det&#8230; ;o)<\/div>\n<div class=\"separator\" style=\"clear: both; text-align: left;\"><\/div>\n<div class=\"separator\" style=\"clear: both; text-align: left;\">P\u00e5 l\u00f6rdagen var det vanliga t\u00e4vlingar, Mia Laamanen o Ninni Lindvall var domare. <strong>Mia var f\u00f6rst ut med hopp3<\/strong>. Det var en ganska rolig bana ffa med en kul slaloming\u00e5ng.<strong> Elvis <\/strong>startade f\u00f6rst. Han reste sig i starten o korkskallen till matte sa &#8221;<em>ok&#8221;<\/em> fr\u00e5n st\u00e5ende position. Jag vet att jag inte kan g\u00f6ra det f\u00f6r d\u00e5 har han fel attityd o till 100% river n\u00e5got av det f\u00f6rsta hindren. Det har h\u00e4nt f\u00f6rr o det skulle h\u00e4nda igen visade det sig. En klockren rivning p\u00e5 f\u00f6rsta hindret. Sedan var jag s\u00e5 irriterad p\u00e5 mig sj\u00e4lv hela v\u00e4gen runt f\u00f6r att jag inte hade lagt ner honom igen o koncentrationen brast n\u00e5got. Dock k\u00e4ndes det annars ganska bra, han gjorde vad jag bad honom om o satte slaloming\u00e5ngen o bakombytet perfekt. N\u00e4sta att starta var<strong> Ina<\/strong>, hon fick i det n\u00e4rmaste en perfekt runda f\u00f6rutom en stor sv\u00e4ng med medf\u00f6ljande rivning. Trots sv\u00e4ngen var hon bara\u00a0drygt en halvsekund efter vinnande Jakko o Zen. Det var jag n\u00f6jd med :o) Jag k\u00e4nde att hon nog faktiskt har \u00f6kat lite o det syntes ju ox\u00e5 p\u00e5 tiden. Sedan var det <strong>Ogins tur<\/strong>. Han gjorde en bra runda f\u00f6rutom att jag drog honom f\u00f6rbi slalomen. Jag st\u00e5r o tjatar om det p\u00e5 kurser, &#8221;- H\u00e5ll linjen, spring rakt!!&#8221; men sedan drar jag sj\u00e4lv iv\u00e4g \u00e5t sidan, klart hunden f\u00f6ljer med, stackars Ogin. S\u00e5 det blev en v\u00e4gran p\u00e5 slalom med fel o tidsf\u00f6rlust som f\u00f6ljd. <\/div>\n<div class=\"separator\" style=\"clear: both; text-align: left;\"><\/div>\n<div class=\"separator\" style=\"clear: both; text-align: left;\">Men det v\u00e4rsta var inte att jag klantade mig i loppen utan att Elvis efter att ha tr\u00e4nat en start p\u00e5 framhoppningen b\u00f6rjade halta&#8230; :o( &#8221;Jaha, nu \u00e4r det k\u00f6rt&#8221;, t\u00e4nkte jag&#8230; Jag gick av honom, stoppade in honom i buren o gick o pratade med J\u00f6rgen. N\u00e5gon timme senare tog vi ut honom o d\u00e5 var det ingen h\u00e4lta kvar p\u00e5 benet. Jag tog ut honom o sprang o det verkade inte p\u00e5verka honom, vi kl\u00e4mde o k\u00e4nde o han reagerade inte p\u00e5 det, s\u00e5 d\u00e5 beslutade vi att jag skulle k\u00f6ra vidare. <\/div>\n<div class=\"separator\" style=\"clear: both; text-align: left;\"><\/div>\n<div class=\"separator\" style=\"clear: both; text-align: left;\"><strong>N\u00e4sta lopp var ag3 av Ninnie<\/strong>. Jag blev glatt \u00f6verraskad av starten, den p\u00e5minde n\u00e4mligen v\u00e4ldigt mycket om situationen med A:et o tunneln som jag tr\u00e4nade h\u00e4r om veckan o som jag ox\u00e5 filmade! Jaha, h\u00e4r var det nu upp till bevis o testa resultatet av tr\u00e4ningen :o). O den biten fick godk\u00e4nt, alla tre hundarna satte A:et perfekt med bara kommando. Roligt att f\u00e5\u00a0nytta f\u00f6r sin tr\u00e4ning s\u00e5 snabbt! Tack Ninnie ;o). <\/div>\n<div class=\"separator\" style=\"clear: both; text-align: left;\"><\/div>\n<div class=\"separator\" style=\"clear: both; text-align: left;\">Efter den situationen skulle jag g\u00f6ra ett bakombyte o sedan skynda vidare till en push. Men klantiga jag sprang \u00e5t fel h\u00e5ll i bakombytet med <strong>Ina<\/strong> s\u00e5 jag hann inte till pushen. Annars k\u00e4ndes det klockrent hela v\u00e4gen runt o hon gjorde balansen (som var i slutet) snabbt o s\u00e4kert, kul efter veckans tr\u00e4ning. Med <strong>Elvis<\/strong> fick jag f\u00f6r mig att pl\u00f6tsligt byta strategi d\u00e4r jag gjort fel med Ina, framf\u00f6rbyte\u00a0ist\u00e4llet f\u00f6r bakombyte. D\u00e5lig id\u00e9, speciellt n\u00e4r jag \u00e4ven i framf\u00f6rbytet gick \u00e5t fel h\u00e5ll&#8230; o \u00e4nd\u00e5 inte hann till pushen. Dock gick han bra p\u00e5 benet efter loppet o det gladde ju mig. Med <strong>Ogin <\/strong>\u00e5tergick jag till min f\u00f6rsta plan o h\u00f6ll mig till den. Hur sv\u00e5rt kan det va? Det blev hur bra som helst. Synd bara att det skulle ta tv\u00e5 hundar att h\u00e5lla sig till planen. Ogin skickade jag dock in i en tunnel p\u00e5 v\u00e4g till slalom f\u00f6r att jag pl\u00f6tsligt b\u00f6rjade vifta hysteriskt med handen. S\u00e5 det blev inget resultat d\u00e4r heller. Vet inte varf\u00f6r handen b\u00f6rjade vifta o ha sig&#8230; ;o) <\/div>\n<div class=\"separator\" style=\"clear: both; text-align: left;\"><\/div>\n<div class=\"separator\" style=\"clear: both; text-align: left;\">Trots att Elvis gick bra igen var jag f\u00f6rst\u00e5s orolig f\u00f6r hans ben&#8230; Varf\u00f6r hade han haltat, skulle han h\u00e5lla f\u00f6r s\u00f6ndagens lopp&#8230;? Jag diskuterade med ledningen o vi beslutade att jag skulle g\u00e5 igenom veterin\u00e4rbesiktningen\u00a0 o om allt var ok skulle jag k\u00f6ra. P\u00e5 s\u00f6ndagen var Sverige f\u00f6rst ut med vet.besiktningen. De var noggranna o k\u00e4nde omsorgsfullt genom alla hundarna o tittade flera g\u00e5nger p\u00e5 g\u00e5ngen. Inga anm\u00e4rkningar p\u00e5 Elvis. Men oron fanns fortfarande kvar. <\/div>\n<div class=\"separator\" style=\"clear: both; text-align: left;\"><\/div>\n<div class=\"separator\" style=\"clear: both; text-align: left;\">Nordiska g\u00e5r ju fort eftersom det \u00e4r s\u00e5 sm\u00e5 klasser s\u00e5 snart var det dags f\u00f6r f\u00f6r large. Vi gick ut som 2a lag. Jag gjorde det igen i starten&#8230; Elvis reste sig o jag sa\u00a0<em>&#8221;ok&#8221;<\/em>. Hur korkad f\u00e5r man egentligen bli??? Hur sv\u00e5rt kan det va att bara s\u00e4ga <em>&#8221;ligg&#8221;<\/em> en g\u00e5ng till, s\u00e5 att hunden inte kommer som en l\u00f6ssl\u00e4ppt vilde, utan som en koncentrerad o v\u00e4ltr\u00e4nad 8-\u00e5rig border collie..? Ja, det \u00e4r n\u00e4mligen det som \u00e4r skillnaden p\u00e5 Elvis om han f\u00e5r starta fr\u00e5n st\u00e5ende eller liggande position. Jag har ingen bra f\u00f6rklaring till varf\u00f6r jag nu har gjort samma tabbe p\u00e5 ett flertalet viktiga t\u00e4vlingar men jag hoppas att det aldrig h\u00e4nder igen. Jag har ju all tid i v\u00e4rlden att l\u00e4gga tillbaka honom i de situationerna. Givetvis rev han igen o givetvis var jag superirriterad p\u00e5 mig sj\u00e4lv igen\u00a0hela v\u00e4gen runt. Det hade ju faktiskt h\u00e4nt mindre \u00e4n 12 timmar tidigare o det borde ha f\u00e5tt mig att t\u00e4nka till. Det blev ytterligare 10 fel innan vi kom i m\u00e5l o jag var allt annat \u00e4n n\u00f6jd med mig sj\u00e4lv. Laget i sig la sig totalt sett 3a, inte v\u00e4rldsb\u00e4st direkt. <\/div>\n<div class=\"separator\" style=\"clear: both; text-align: left;\"><\/div>\n<div class=\"separator\" style=\"clear: both; text-align: left;\">Men jag f\u00f6rs\u00f6kte rycka upp mig i de tv\u00e5 resterande loppen, allt kan h\u00e4nda med resultaten o jag ville ju k\u00f6ra bra agility trots min kassa inledning i m\u00e4sterskapet. <\/div>\n<div class=\"separator\" style=\"clear: both; text-align: left;\"><\/div>\n<div class=\"separator\" style=\"clear: both; text-align: left;\">Lopp tv\u00e5 blev mycket b\u00e4ttre o jag var fullt koncentrerad i starten. Dock blev det en 5a p\u00e5 A:et. Jag hamnade f\u00f6r l\u00e5ngt fram, stannade till o ryckte ifr\u00e5n precis n\u00e4r han var ovanf\u00f6r k-f\u00e4ltet. Inte b\u00e4sta l\u00f6sningen kanske, men jag tycker \u00e4nd\u00e5 han skulle ha tagit det faktiskt. F\u00f6r \u00f6vrigt var jag n\u00f6jd. <\/div>\n<div class=\"separator\" style=\"clear: both; text-align: left;\"><\/div>\n<div class=\"separator\" style=\"clear: both; text-align: left;\">Lopp tre blev ett k\u00e4mparlopp o \u00e5terigen var jag koncentrerad i starten. Duktig Jenny, man f\u00e5r gl\u00e4dja sig \u00e5t det lilla&#8230; ;o) Blev ox\u00e5 n\u00f6jd med n\u00e5gra tajta bakombyten o slaloml\u00f6sningen. Efter att ha r\u00e4ddat oss fr\u00e5n en disk precis i slutet trodde jag att vi \u00e4ntligen var felfria, men f\u00e5r reda p\u00e5 att det blev en rivning p\u00e5 sista hindret :o( . Jaja, det f\u00f6r\u00e4ndrade ju inte j\u00e4ttemycket eftersom vi inte hade s\u00e5 bra l\u00e4ge innan heller. <\/div>\n<div class=\"separator\" style=\"clear: both; text-align: left;\"><\/div>\n<div class=\"separator\" style=\"clear: both; text-align: left;\">I large tog Paul med Djini fr\u00e5n Danmark bronset. Peter\u00a0med Tempo, ox\u00e5\u00a0fr\u00e5n Danmark, lyckades h\u00e5lla ihop o blev tv\u00e5a totalt, Janita o Hitti fr\u00e5n Finland vann med fina lopp.\u00a0Den enda svenska individuella medaljen lyckades Annika o Izor plocka hem, Grattis! Resten av resultaten f\u00e5r ni l\u00e4sa p\u00e5 n\u00e4tet.<\/div>\n<div class=\"separator\" style=\"clear: both; text-align: left;\"><\/div>\n<div class=\"separator\" style=\"clear: both; text-align: left;\"><strong>Ett tungt beslut<\/strong><\/div>\n<div class=\"separator\" style=\"clear: both; text-align: left;\">Sammanfattningsvis var jag f\u00f6rst\u00e5s v\u00e4ldigt missn\u00f6jd med mitt m\u00e4sterskap, \u00e4ven om det fanns m\u00e5nga sm\u00e5 delar att se ljust p\u00e5. Jag analyserade min insats o kom fram till att det d\u00e4r lilla sista fokuset hade saknats. Redan p\u00e5 l\u00f6rdagen var det ju faktiskt s\u00e5. Aldrig har jag v\u00e4l lyckats g\u00f6ra fel i <em>nio lopp p\u00e5 raken<\/em>&#8230; :o(\u00a0 Elvis haltande p\u00e5 l\u00f6rdagen tror jag kan ha varit en stor del i att jag inte kom upp i r\u00e4tt koncentration. Tankarna blir splittrade o oron smyger sig p\u00e5. Det blir liksom inte alls bra. Jag har t\u00e4nkt vidare p\u00e5 det hela o varit riktigt ledsen. Zaas operation g\u00f6r ju kanske inte saken b\u00e4ttre direkt. Men jag har i alla fall kommit fram till en sak. <strong>Det blir inget mer landslagsuppdrag med Elvis tyv\u00e4rr<\/strong>. Jag \u00e4lskar den hunden, jag \u00e4lskar att\u00a0t\u00e4vla honom, det finns ingen roligare. Men det \u00e4r inte f\u00f6rsta g\u00e5ngen han blir halt utan att jag f\u00f6rst\u00e5r varf\u00f6r o jag orkar inte ha ansvaret i ett landslag n\u00e4r jag inte kan lita p\u00e5 hans fysik. Det st\u00f6r alldeles f\u00f6r mycket, jag blir besviken, orolig o f\u00f6rvirrad av att t\u00e4nka p\u00e5 h\u00e4ltor. K\u00f6r jag bara vanliga t\u00e4vlingar blir ju bara jag sj\u00e4lv drabbad om jag stryker honom fr\u00e5n ett lopp eller t\u00e4vling men med landslaget har man ju ett stort ansvar. Efter helgen har han varit bra i tassen o f\u00f6r \u00f6vrigt \u00e4r han ju stark, i fysisk toppform o hans bakt\u00e5 \u00e4r inga problem, s\u00e5 det \u00e4r ett mycket, mycket tragiskt o ett mycket, mycket sv\u00e5rt beslut att ta. Men det \u00e4r samtidigt en l\u00e4ttnad att ha tagit beslutet f\u00f6r d\u00e5 kan jag sl\u00e4ppa det o kanske kunna ha m\u00f6jlighet att l\u00e4gga mer energi p\u00e5 min egen koncentration. Elvis \u00e4r mina dr\u00f6mmars hund o jag hoppas att jag \u00e5tminstonde ska f\u00e5 m\u00e5nga \u00e5r till med honom p\u00e5 vanliga t\u00e4vlingar o SM, f\u00f6r jag njuter av varje sekund i ett lopp med honom. <\/div>\n<div class=\"separator\" style=\"clear: both; text-align: left;\"><\/div>\n<div class=\"separator\" style=\"clear: both; text-align: left;\">F\u00f6rhoppningsvis kan jag nu l\u00e4gga mer koncentration p\u00e5\u00a0Ogin\u00a0(o Ina om jag f\u00e5r l\u00e5na henne igen&#8230; ;o) i landslagssammanhang fram\u00f6ver. <\/div>\n<div class=\"separator\" style=\"clear: both; text-align: left;\"><\/div>\n<div class=\"separator\" style=\"clear: both; text-align: left;\"><strong>Zaa<\/strong><\/div>\n<div class=\"separator\" style=\"clear: both; text-align: left;\">Ig\u00e5r var jag hos vet Lasse o sjukgymnast Birte med Zaa. Han haltar fortfarande \u00e4ven om det verkar g\u00e5 fram\u00e5t\u00a0o jag \u00e4r f\u00f6rst\u00e5s sjukt orolig f\u00f6r honom. Lasse \u00e4ndrade\u00a0n\u00e5got p\u00e5 medicineringen men verkade inte s\u00e4rskilt bekymrad. Jag fick lite nya instruktioner av Birte o hon gick igenom honom noga. Jag f\u00f6rs\u00f6ker t\u00e4nka positivt o lita p\u00e5 dem att allt ska bli bra, men det \u00e4r sv\u00e5rt. Och Zaa samlar p\u00e5 sig mer o mer energi i sin bur. Energi som ju m\u00e5ste komma ut n\u00e5gonstans&#8230; :oS<\/div>\n<div class=\"separator\" style=\"clear: both; text-align: left;\"><\/div>\n<div class=\"separator\" style=\"clear: both; text-align: left;\">I m\u00e5ndags var jag i <strong>Kungsbacka<\/strong> sista g\u00e5ngen innan jul. Jag tr\u00e4nade med Ina o Ogin f\u00f6re kursen b\u00f6rjade. Temat f\u00f6r dagen var <strong>slalom<\/strong> o jag var mycket n\u00f6jd med b\u00e5de mina egna hundar o mina elever! Jag skickade Ina o Ogin hej vilt fr\u00e5n alla vinklar o vr\u00e5r o jag provocerade rej\u00e4lt i utg\u00e5ngen. Inget verkade f\u00f6r sv\u00e5rt f\u00f6r varken Ogin eller Ina, himla kul!!<\/div>\n<div class=\"separator\" style=\"clear: both; text-align: left;\"><\/div>\n<div class=\"separator\" style=\"clear: both; text-align: left;\">Jag har ox\u00e5 <strong>tr\u00e4nat vallning<\/strong> med de tv\u00e5 syskonen. Ska ta ett pass snart h\u00e4r idag med. B\u00e5da utvecklas f\u00f6r var g\u00e5ng tycker jag. Och Ina \u00e4r mycket lik sin far i det mesta. Gillar den lilla hunden skarpt, just nu n\u00f6ter vi h\u00f6ger o v\u00e4nster\u00a0:o). Ogin \u00e4r lyh\u00f6rd, l\u00e4ttl\u00e4rd o har f\u00e5tt ett bra fokus. Nu \u00e4r det mest h\u00e4mten som jag m\u00e5ste tr\u00e4na mest f\u00f6r han \u00e4r lite tajt i upptaget. J\u00e4tteskoj att tr\u00e4na de b\u00e5da!<\/div>\n<div class=\"separator\" style=\"clear: both; text-align: left;\"><\/div>\n<div class=\"separator\" style=\"clear: both; text-align: left;\"><strong><span style=\"color: orange;\">Guldkorn fr\u00e5n helgen<\/span><\/strong><\/div>\n<div class=\"separator\" style=\"clear: both; text-align: left;\">N\u00e4r jag kom till m\u00e4ssan p\u00e5 s\u00f6ndagen tr\u00e4ffade jag webmaster Joakim o vallmaster Johan, alltid lika roligt att umg\u00e5s med dem!\u00a0Johan med familj hade med sig en liten present till mig; hemagjord lingonsylt fr\u00e5n B\u00f6sta o tre Maria &#038; Prinsen-b\u00f6cker!!! Ni f\u00f6rst\u00e5r, lyckan var ju full\u00e4ndad :o) s\u00e5 himla gulligt av dem! De hade letat fram dem p\u00e5 tradera o andra st\u00e4llen, jag blev minst sagt glad o \u00f6verraskad o det var en riktig ljusglimt i den annars lite m\u00f6rka helgen. TACK!<\/div>\n<div class=\"separator\" style=\"clear: both; text-align: left;\"><\/div>\n<div class=\"separator\" style=\"clear: both; text-align: left;\"><strong>Valpar<\/strong><\/div>\n<div class=\"separator\" style=\"clear: both; text-align: left;\">Elvis valp, \u00c5sas hund o Inas bror,<a href=\"http:\/\/vallreg.svak.se\/d_findregnr.php?MENUSELECT=5&#038;REGNR=V1212\/2006\"> Natvikens\u00a0Eije<\/a> ska para <a href=\"http:\/\/www.salltorp.se\/Salltorps%20kennel.htm\">Salltorps Amy<\/a>. Jag tror att det kan bli mycket bra o trevliga hundar! H\u00f6r av er om intresse finns!<\/div>\n<div class=\"separator\" style=\"clear: both; text-align: left;\"><\/div>\n<div class=\"separator\" style=\"clear: both; text-align: left;\"><strong>Weimaraner-tr\u00e4ning<\/strong><\/div>\n<div class=\"separator\" style=\"clear: both; text-align: left;\">Ig\u00e5r i sn\u00f6v\u00e4dret kom en ny elev med sin weimaraner hit. Det var en h\u00e4rlig hund med mycket go i o \u00e4garen verkar vara flitig med sin tr\u00e4ning, s\u00e5 jag tror att det kan bli riktigt bra. Kul med en s\u00e5 udda ras! Men det var inte det enda roliga, det visade sig n\u00e4mligen att hennes hund var en valp till min mosters fodertik! V\u00e4rlden \u00e4r bra liten :o) <\/div>\n<div class=\"separator\" style=\"clear: both; text-align: left;\"><\/div>\n<div class=\"separator\" style=\"clear: both; text-align: left;\">Nu ska det bli promenad o vallning i sn\u00f6n. Ha det!<\/div>","protected":false},"excerpt":{"rendered":"<p>Musikhj\u00e4lpen i P3 Nu var det dags igen! Musikhj\u00e4lpen i P3 \u00e4r ig\u00e5ng, underbart. Ametist, Jason (Timbuktu) o Christer sitter i en glasbur i G\u00f6teborg, inl\u00e5sta utan mat men med en massa roliga artistbes\u00f6k o annat, \u00e4nda t.o.m. s\u00f6ndag. Det \u00e4r i samarbete med radiohj\u00e4lpen o svt2 som ska samla in pengar till att bek\u00e4mpa [&hellip;]<\/p>\n","protected":false},"author":1,"featured_media":0,"comment_status":"open","ping_status":"open","sticky":false,"template":"","format":"standard","meta":{"footnotes":""},"categories":[],"tags":[],"class_list":["post-10467","post","type-post","status-publish","format-standard","hentry"],"_links":{"self":[{"href":"https:\/\/lotuseducation.se\/en\/wp-json\/wp\/v2\/posts\/10467","targetHints":{"allow":["GET"]}}],"collection":[{"href":"https:\/\/lotuseducation.se\/en\/wp-json\/wp\/v2\/posts"}],"about":[{"href":"https:\/\/lotuseducation.se\/en\/wp-json\/wp\/v2\/types\/post"}],"author":[{"embeddable":true,"href":"https:\/\/lotuseducation.se\/en\/wp-json\/wp\/v2\/users\/1"}],"replies":[{"embeddable":true,"href":"https:\/\/lotuseducation.se\/en\/wp-json\/wp\/v2\/comments?post=10467"}],"version-history":[{"count":0,"href":"https:\/\/lotuseducation.se\/en\/wp-json\/wp\/v2\/posts\/10467\/revisions"}],"wp:attachment":[{"href":"https:\/\/lotuseducation.se\/en\/wp-json\/wp\/v2\/media?parent=10467"}],"wp:term":[{"taxonomy":"category","embeddable":true,"href":"https:\/\/lotuseducation.se\/en\/wp-json\/wp\/v2\/categories?post=10467"},{"taxonomy":"post_tag","embeddable":true,"href":"https:\/\/lotuseducation.se\/en\/wp-json\/wp\/v2\/tags?post=10467"}],"curies":[{"name":"wp","href":"https:\/\/api.w.org\/{rel}","templated":true}]}}